{"id":1741,"date":"2026-01-27T11:18:28","date_gmt":"2026-01-27T11:18:28","guid":{"rendered":"https:\/\/betriebsrat.jaw.or.at\/?p=1741"},"modified":"2026-01-27T11:18:28","modified_gmt":"2026-01-27T11:18:28","slug":"abschluss-bei-den-kollektivvertragsverhandlungen","status":"publish","type":"post","link":"https:\/\/betriebsrat.jaw.or.at\/?p=1741","title":{"rendered":"Abschluss bei den Kollektivvertragsverhandlungen"},"content":{"rendered":"\n<p>Liebe Kollegin, lieber Kollege,<\/p>\n\n\n\n<p>in der <strong>f\u00fcnften Verhandlungsrunde<\/strong> f\u00fcr den Kollektivvertrag der <strong>Sozialwirtschaft konnte heute eine Einigung zwischen den Sozialpartnern erzielt <\/strong>werden.Die <strong>Geh\u00e4lter und L\u00f6hne <\/strong>steigen ab <strong>April 2026<\/strong> um <strong>2,6% und<\/strong> ab <strong>J\u00e4nner 2027 <\/strong>um <strong>mindestens 2,3 abh\u00e4ngig<\/strong> von der <strong>Inflationsrate<\/strong>. Gleichzeitig wurde ein <strong>umfangreiches Rahmenrechtspaket <\/strong>vereinbart.&nbsp;<\/p>\n\n\n\n<p><strong>Der Abschluss im Detail:<\/strong><\/p>\n\n\n\n<p><strong>2026<\/strong><\/p>\n\n\n\n<figure class=\"wp-block-table\"><table class=\"has-fixed-layout\"><tbody><tr><td>&nbsp; \u2022 Die <strong>kollektivvertr\u00e4glichen Geh\u00e4lter und L\u00f6hne<\/strong> steigen um <strong>2,6%<\/strong>, \u2022 die <strong>IST-Geh\u00e4lter und -L\u00f6hne<\/strong> um <strong>2,4%<\/strong>. \u2022 <strong>Zuschl\u00e4ge, Zulagen<\/strong> und <strong>Lehrlingsentgelte <\/strong>steigen ebenfalls um <strong>2,6%<\/strong>. \u2022 Rahmenrechtlich wird ein <strong>Recht auf Aufstocken<\/strong> bei <strong>kontinuierlicher Mehrarbeit <\/strong>vereinbart. \u2022 F\u00fcr <strong>Eltern von Kindern mit Behinderung <\/strong>gibt es eine <strong>ausgebaute Pflegefreistellung<\/strong>. \u2022 <strong>Zivildienst und Pr\u00e4senzdienst<\/strong> werden als <strong>Vordienstzeiten anerkannt <\/strong>und die <strong>Altersteilzeit<\/strong> wird den neuen gesetzlichen Regelungen <strong>angepasst<\/strong>. &nbsp;<\/td><\/tr><\/tbody><\/table><\/figure>\n\n\n\n<p>&nbsp;<strong>2027&nbsp;<\/strong><\/p>\n\n\n\n<figure class=\"wp-block-table\"><table class=\"has-fixed-layout\"><tbody><tr><td>&nbsp; \u2022 Die <strong>kollektivvertraglichen Geh\u00e4lter und L\u00f6hne<\/strong> steigen <strong>abh\u00e4ngig von der Inflation<\/strong> um <strong>mindestens 2,3%<\/strong>. \u2022 Steigt die <strong>Inflation <\/strong>auf <strong>mehr als 2,3%<\/strong>, so wird die <strong>Differenz zur H\u00e4lfte abgegolten<\/strong>. Die <strong>maximale Steigerung<\/strong> der Geh\u00e4lter und L\u00f6hne betr\u00e4gt <strong>2,5%<\/strong>. Die <strong>gleiche Regelung <\/strong>wird auf <strong>Zuschl\u00e4ge, Zulagen und Lehrlingsentgelte<\/strong> angewandt. \u2022 Die <strong>IST-Geh\u00e4lter und -L\u00f6hne<\/strong> steigen in <strong>jedem Fall um 2,3%<\/strong>. \u2022 F\u00fcr <strong>geteilte Dienste<\/strong> muss es k\u00fcnftig eine <strong>Betriebsvereinbarung<\/strong> geben, wenn ein Betriebsrat vorhanden ist \u2022 <strong>Mehrarbeit wird besser entlohnt<\/strong> \u2022 Der <strong>Zusatzkollektivvertrag<\/strong> f\u00fcr die <strong>Weiterf\u00fchrung des Pflegezuschusses<\/strong> wird <strong>abgeschlossen<\/strong>.&nbsp; &nbsp;<\/td><\/tr><\/tbody><\/table><\/figure>\n\n\n\n<p>Zus\u00e4tzlich wurde eine <strong>bessere Einstufung<\/strong> eines Teils der <strong>Behindertenfachkr\u00e4fte <\/strong>sowie der <strong>Kindergartenhelfer*innen<\/strong> vereinbart.&nbsp;<\/p>\n\n\n\n<p>Insgesamt bietet der Abschluss in Zeiten<strong> knapper \u00f6ffentlicher Haushalte<\/strong> wichtige <strong>Fortschritte im Rahmenrecht<\/strong>, auf der <strong>Einkommensseite <\/strong>ist er jedoch ein <strong>harter Kompromiss<\/strong>. Im <strong>kommenden Jahr<\/strong> sichert der Abschluss die <strong>Kaufkraft<\/strong>, w\u00e4hrend die <strong>Verbesserungen <\/strong>besonders f\u00fcr <strong>Teilzeitbesch\u00e4ftigte<\/strong> und bestimmte <strong>Berufsgruppen<\/strong> bereits <strong>heuer wirken<\/strong>.&nbsp;&nbsp;<\/p>\n\n\n\n<p>Ohne die <strong>starke Mobilisierung <\/strong>in <strong>zwei Streikrunden<\/strong> w\u00e4re <strong>kein Abschluss m\u00f6glich <\/strong>gewesen &#8211; wir <strong>danken dir<\/strong> vielmals f\u00fcr <strong>deine Unterst\u00fctzung<\/strong>!&nbsp;<\/p>\n\n\n\n<p><a href=\"https:\/\/eur01.safelinks.protection.outlook.com\/?url=https%3A%2F%2Fwww.gpa.at%2Fkollektivvertrag%2Fgesundheit-und-soziales%2Fsozialwirtschaft-oesterreich%2F2026%2Fkv-sozialwirtschaft-2026--zweijahresabschluss-in-fuenfter-runde%23Abschluss_im_Detail&amp;data=05%7C02%7Cdaniela.brenner%40jaw.or.at%7C8da2cbb4cc30457ad17808de5d8fe0f5%7C334103a72be04832a350392ca3a6a2e2%7C0%7C0%7C639051069731563900%7CUnknown%7CTWFpbGZsb3d8eyJFbXB0eU1hcGkiOnRydWUsIlYiOiIwLjAuMDAwMCIsIlAiOiJXaW4zMiIsIkFOIjoiTWFpbCIsIldUIjoyfQ%3D%3D%7C0%7C%7C%7C&amp;sdata=tjk7v0x7sXpje3YfjscZ9uRb4YkoMnxTjP8kx51esDU%3D&amp;reserved=0\">Der Abschluss im Detail<\/a><\/p>\n","protected":false},"excerpt":{"rendered":"<p>Liebe Kollegin, lieber Kollege, in der f\u00fcnften Verhandlungsrunde f\u00fcr den Kollektivvertrag der Sozialwirtschaft konnte heute eine Einigung zwischen den Sozialpartnern erzielt werden.Die Geh\u00e4lter und L\u00f6hne steigen ab April 2026 um 2,6% und ab J\u00e4nner 2027 um mindestens 2,3 abh\u00e4ngig von &hellip; <a href=\"https:\/\/betriebsrat.jaw.or.at\/?p=1741\">Weiterlesen <span class=\"meta-nav\">&rarr;<\/span><\/a><\/p>\n","protected":false},"author":1,"featured_media":0,"comment_status":"open","ping_status":"open","sticky":false,"template":"","format":"standard","meta":{"footnotes":""},"categories":[1],"tags":[],"class_list":["post-1741","post","type-post","status-publish","format-standard","hentry","category-uncategorized"],"jetpack_featured_media_url":"","_links":{"self":[{"href":"https:\/\/betriebsrat.jaw.or.at\/index.php?rest_route=\/wp\/v2\/posts\/1741","targetHints":{"allow":["GET"]}}],"collection":[{"href":"https:\/\/betriebsrat.jaw.or.at\/index.php?rest_route=\/wp\/v2\/posts"}],"about":[{"href":"https:\/\/betriebsrat.jaw.or.at\/index.php?rest_route=\/wp\/v2\/types\/post"}],"author":[{"embeddable":true,"href":"https:\/\/betriebsrat.jaw.or.at\/index.php?rest_route=\/wp\/v2\/users\/1"}],"replies":[{"embeddable":true,"href":"https:\/\/betriebsrat.jaw.or.at\/index.php?rest_route=%2Fwp%2Fv2%2Fcomments&post=1741"}],"version-history":[{"count":1,"href":"https:\/\/betriebsrat.jaw.or.at\/index.php?rest_route=\/wp\/v2\/posts\/1741\/revisions"}],"predecessor-version":[{"id":1742,"href":"https:\/\/betriebsrat.jaw.or.at\/index.php?rest_route=\/wp\/v2\/posts\/1741\/revisions\/1742"}],"wp:attachment":[{"href":"https:\/\/betriebsrat.jaw.or.at\/index.php?rest_route=%2Fwp%2Fv2%2Fmedia&parent=1741"}],"wp:term":[{"taxonomy":"category","embeddable":true,"href":"https:\/\/betriebsrat.jaw.or.at\/index.php?rest_route=%2Fwp%2Fv2%2Fcategories&post=1741"},{"taxonomy":"post_tag","embeddable":true,"href":"https:\/\/betriebsrat.jaw.or.at\/index.php?rest_route=%2Fwp%2Fv2%2Ftags&post=1741"}],"curies":[{"name":"wp","href":"https:\/\/api.w.org\/{rel}","templated":true}]}}