{"id":1676,"date":"2025-10-21T13:48:58","date_gmt":"2025-10-21T13:48:58","guid":{"rendered":"https:\/\/betriebsrat.jaw.or.at\/?p=1676"},"modified":"2025-10-21T13:49:19","modified_gmt":"2025-10-21T13:49:19","slug":"start-der-kollektivvertragsverhandlungen-2","status":"publish","type":"post","link":"https:\/\/betriebsrat.jaw.or.at\/?p=1676","title":{"rendered":"Start der Kollektivvertragsverhandlungen"},"content":{"rendered":"\n<p>Heute f\u00e4llt der Startschuss mit der ersten Verhandlungsrunde f\u00fcr den Kollektivvertrag der Sozialwirtschaft \u00d6sterreich. Alle Infos zu den Kollektivvertragsverhandlungen und zum Forderungsprogramm<a href=\"https:\/\/eur01.safelinks.protection.outlook.com\/?url=https%3A%2F%2Fmailingmx.gpa.at%2Fsys%2Fr.aspx%3Fsub%3DkBSIpKxvqVL-24ZuvDnI3Ba_jVhDQ6ldnXC-d9pbGHgYQx6_6w37ZZ2fNsi-ipuCX0uD1d5%26tid%3D1oAaOq-uvsO8-5S6OqLbW4XP-66lpoCjdnnO%26enc%3Dp2fR1tHVniAINuvr0voiCVWdtXzl!uD8d3aYw327ImD9TT48sHd0YsUGhoOMDxZ8EjcUMfoyTzkllfERbzvNye20wNchjRm7xXRHrjkq28c1%26link%3D3JCn&amp;data=05%7C02%7Cdaniela.brenner%40jaw.or.at%7Ceb7cce34e6a241b8e13f08de0fd8eef2%7C334103a72be04832a350392ca3a6a2e2%7C0%7C0%7C638965621659467095%7CUnknown%7CTWFpbGZsb3d8eyJFbXB0eU1hcGkiOnRydWUsIlYiOiIwLjAuMDAwMCIsIlAiOiJXaW4zMiIsIkFOIjoiTWFpbCIsIldUIjoyfQ%3D%3D%7C0%7C%7C%7C&amp;sdata=2BM0L64WEoXCYLEInwjqpH9kD4vgBeTW5A%2FzBje03%2Bg%3D&amp;reserved=0\"> findest du hier<\/a>. Nach jeder Verhandlungsrunde bieten wir ein KV-Video-Update f\u00fcr Betriebsr\u00e4t*innen an.&nbsp; Dieses bietet einen direkten Einblick zum Stand und zum Ablauf unserer Kollektivvertragsverhandlungen.&nbsp; <\/p>\n\n\n\n<p><strong>Termine f\u00fcr die KV-Updates:<\/strong><\/p>\n\n\n\n<p>Video-Update #2: 22. Oktober 2025, 13:00 &#8211; 14:00 Uhr<\/p>\n\n\n\n<p>Video-Update#3: 14. November 2025, 11:00 &#8211; 12:00 Uhr<\/p>\n\n\n\n<p>Video-Update#4: 28. November 2025, 12:00 &#8211; 13:00 Uhr<\/p>\n","protected":false},"excerpt":{"rendered":"<p>Heute f\u00e4llt der Startschuss mit der ersten Verhandlungsrunde f\u00fcr den Kollektivvertrag der Sozialwirtschaft \u00d6sterreich. Alle Infos zu den Kollektivvertragsverhandlungen und zum Forderungsprogramm findest du hier. Nach jeder Verhandlungsrunde bieten wir ein KV-Video-Update f\u00fcr Betriebsr\u00e4t*innen an.&nbsp; Dieses bietet einen direkten Einblick &hellip; <a href=\"https:\/\/betriebsrat.jaw.or.at\/?p=1676\">Weiterlesen <span class=\"meta-nav\">&rarr;<\/span><\/a><\/p>\n","protected":false},"author":1,"featured_media":0,"comment_status":"open","ping_status":"open","sticky":false,"template":"","format":"standard","meta":{"footnotes":""},"categories":[1],"tags":[],"class_list":["post-1676","post","type-post","status-publish","format-standard","hentry","category-uncategorized"],"jetpack_featured_media_url":"","_links":{"self":[{"href":"https:\/\/betriebsrat.jaw.or.at\/index.php?rest_route=\/wp\/v2\/posts\/1676","targetHints":{"allow":["GET"]}}],"collection":[{"href":"https:\/\/betriebsrat.jaw.or.at\/index.php?rest_route=\/wp\/v2\/posts"}],"about":[{"href":"https:\/\/betriebsrat.jaw.or.at\/index.php?rest_route=\/wp\/v2\/types\/post"}],"author":[{"embeddable":true,"href":"https:\/\/betriebsrat.jaw.or.at\/index.php?rest_route=\/wp\/v2\/users\/1"}],"replies":[{"embeddable":true,"href":"https:\/\/betriebsrat.jaw.or.at\/index.php?rest_route=%2Fwp%2Fv2%2Fcomments&post=1676"}],"version-history":[{"count":2,"href":"https:\/\/betriebsrat.jaw.or.at\/index.php?rest_route=\/wp\/v2\/posts\/1676\/revisions"}],"predecessor-version":[{"id":1678,"href":"https:\/\/betriebsrat.jaw.or.at\/index.php?rest_route=\/wp\/v2\/posts\/1676\/revisions\/1678"}],"wp:attachment":[{"href":"https:\/\/betriebsrat.jaw.or.at\/index.php?rest_route=%2Fwp%2Fv2%2Fmedia&parent=1676"}],"wp:term":[{"taxonomy":"category","embeddable":true,"href":"https:\/\/betriebsrat.jaw.or.at\/index.php?rest_route=%2Fwp%2Fv2%2Fcategories&post=1676"},{"taxonomy":"post_tag","embeddable":true,"href":"https:\/\/betriebsrat.jaw.or.at\/index.php?rest_route=%2Fwp%2Fv2%2Ftags&post=1676"}],"curies":[{"name":"wp","href":"https:\/\/api.w.org\/{rel}","templated":true}]}}