{"id":1670,"date":"2025-10-09T12:30:43","date_gmt":"2025-10-09T12:30:43","guid":{"rendered":"https:\/\/betriebsrat.jaw.or.at\/?p=1670"},"modified":"2025-10-21T12:34:41","modified_gmt":"2025-10-21T12:34:41","slug":"neuer-podcast-zum-thema-der-kollektivvertragsverhandlungen","status":"publish","type":"post","link":"https:\/\/betriebsrat.jaw.or.at\/?p=1670","title":{"rendered":"Neuer Podcast zum Thema der Kollektivvertragsverhandlungen"},"content":{"rendered":"\n<p>Die dreiteilige Podcast-Serie \u201eDer Wert einer Stunde\u201c der gpa erz\u00e4hlt die Geschichte eines Arbeitskampfs in der Sozialwirtschaft \u2013 und davon, wie Ver\u00e4nderung m\u00f6glich wird, wenn man gemeinsam daf\u00fcr einsteht. Erlebe, was hinter den Kulissen passiert, wenn die Gewerkschaften auf die Arbeitgeber treffen &#8211; und wie aus einer Forderung eine Bewegung wurde! In der 1. Folge begleiten wir die Besch\u00e4ftigten der Sozialwirtschaft auf ihrem Weg + Blicke hinter die Kulissen der Kollektivvertragsverhandlungen 2019 \u2013 gemeinsam mit Eva Scherz, Chefverhandlerin in der Sozialwirtschaft. Erfahre, wie aus einer Forderung ein landesweiter Aufbruch wurde und hunderte Besch\u00e4ftigte f\u00fcr bessere Arbeitsbedingungen auf die Stra\u00dfe gegangen sind.<strong> <a href=\"https:\/\/meine.gpa.at\/podcast\">meine.gpa.at\/podcast<\/a><\/strong><\/p>\n\n\n\n<figure class=\"wp-block-image size-large\"><img loading=\"lazy\" decoding=\"async\" width=\"1024\" height=\"682\" src=\"https:\/\/betriebsrat.jaw.or.at\/wp-content\/uploads\/2025\/10\/image-1024x682.png\" alt=\"\" class=\"wp-image-1671\" srcset=\"https:\/\/betriebsrat.jaw.or.at\/wp-content\/uploads\/2025\/10\/image-1024x682.png 1024w, https:\/\/betriebsrat.jaw.or.at\/wp-content\/uploads\/2025\/10\/image-300x200.png 300w, https:\/\/betriebsrat.jaw.or.at\/wp-content\/uploads\/2025\/10\/image-768x512.png 768w, https:\/\/betriebsrat.jaw.or.at\/wp-content\/uploads\/2025\/10\/image-1536x1024.png 1536w, https:\/\/betriebsrat.jaw.or.at\/wp-content\/uploads\/2025\/10\/image.png 1733w\" sizes=\"auto, (max-width: 1024px) 100vw, 1024px\" \/><\/figure>\n","protected":false},"excerpt":{"rendered":"<p>Die dreiteilige Podcast-Serie \u201eDer Wert einer Stunde\u201c der gpa erz\u00e4hlt die Geschichte eines Arbeitskampfs in der Sozialwirtschaft \u2013 und davon, wie Ver\u00e4nderung m\u00f6glich wird, wenn man gemeinsam daf\u00fcr einsteht. Erlebe, was hinter den Kulissen passiert, wenn die Gewerkschaften auf die &hellip; <a href=\"https:\/\/betriebsrat.jaw.or.at\/?p=1670\">Weiterlesen <span class=\"meta-nav\">&rarr;<\/span><\/a><\/p>\n","protected":false},"author":1,"featured_media":0,"comment_status":"open","ping_status":"open","sticky":false,"template":"","format":"standard","meta":{"footnotes":""},"categories":[1],"tags":[],"class_list":["post-1670","post","type-post","status-publish","format-standard","hentry","category-uncategorized"],"jetpack_featured_media_url":"","_links":{"self":[{"href":"https:\/\/betriebsrat.jaw.or.at\/index.php?rest_route=\/wp\/v2\/posts\/1670","targetHints":{"allow":["GET"]}}],"collection":[{"href":"https:\/\/betriebsrat.jaw.or.at\/index.php?rest_route=\/wp\/v2\/posts"}],"about":[{"href":"https:\/\/betriebsrat.jaw.or.at\/index.php?rest_route=\/wp\/v2\/types\/post"}],"author":[{"embeddable":true,"href":"https:\/\/betriebsrat.jaw.or.at\/index.php?rest_route=\/wp\/v2\/users\/1"}],"replies":[{"embeddable":true,"href":"https:\/\/betriebsrat.jaw.or.at\/index.php?rest_route=%2Fwp%2Fv2%2Fcomments&post=1670"}],"version-history":[{"count":1,"href":"https:\/\/betriebsrat.jaw.or.at\/index.php?rest_route=\/wp\/v2\/posts\/1670\/revisions"}],"predecessor-version":[{"id":1672,"href":"https:\/\/betriebsrat.jaw.or.at\/index.php?rest_route=\/wp\/v2\/posts\/1670\/revisions\/1672"}],"wp:attachment":[{"href":"https:\/\/betriebsrat.jaw.or.at\/index.php?rest_route=%2Fwp%2Fv2%2Fmedia&parent=1670"}],"wp:term":[{"taxonomy":"category","embeddable":true,"href":"https:\/\/betriebsrat.jaw.or.at\/index.php?rest_route=%2Fwp%2Fv2%2Fcategories&post=1670"},{"taxonomy":"post_tag","embeddable":true,"href":"https:\/\/betriebsrat.jaw.or.at\/index.php?rest_route=%2Fwp%2Fv2%2Ftags&post=1670"}],"curies":[{"name":"wp","href":"https:\/\/api.w.org\/{rel}","templated":true}]}}